{"id":908,"date":"2025-05-19T23:39:59","date_gmt":"2025-05-19T20:39:59","guid":{"rendered":"https:\/\/samsun.city\/?p=908"},"modified":"2025-05-20T00:27:36","modified_gmt":"2025-05-19T21:27:36","slug":"samsun-il-kultur-ve-turizm-mudurlugu","status":"publish","type":"post","link":"https:\/\/samsun.city\/?p=908","title":{"rendered":"Samsun \u0130l K\u00fclt\u00fcr ve Turizm M\u00fcd\u00fcrl\u00fc\u011f\u00fc"},"content":{"rendered":"<p>T\u00fcrkiye Cumhuriyeti<br \/>\nK\u00fclt\u00fcr ve Turizm Bakanl\u0131\u011f\u0131<br \/>\nTe\u015fkilat \u015eemas\u0131<\/p>\n<ul>\n<li><a href=\"https:\/\/www.ktb.gov.tr\/TR-183813\/merkez-teskilati.html\" target=\"_blank\" rel=\"noopener\">Merkez Te\u015fkilat\u0131<\/a> (K\u00fclt\u00fcr ve Turizm Bakan\u0131: Mehmet Nuri ERSOY)\n<ul>\n<li>\u00d6zel Kalem M\u00fcd\u00fcrl\u00fc\u011f\u00fc<\/li>\n<li>Bas\u0131n ve Halkla \u0130li\u015fkiler M\u00fc\u015favirli\u011fi<\/li>\n<li>Bakan M\u00fc\u015favirli\u011fi<\/li>\n<li>Radyo ve Televizyon \u00dcst Kurulu<\/li>\n<li>Tefti\u015f Kurulu Ba\u015fkanl\u0131\u011f\u0131<\/li>\n<li>Hukuk Hizmetleri Genel M\u00fcd\u00fcrl\u00fc\u011f\u00fc<\/li>\n<li>Atat\u00fcrk K\u00fclt\u00fcr, Dil ve Tarih Y\u00fcksek Kurumu<\/li>\n<li>Vak\u0131flar Genel M\u00fcd\u00fcrl\u00fc\u011f\u00fc<\/li>\n<li>Bakan Yard\u0131mc\u0131lar\u0131\n<ul>\n<li>Dr. Batuhan MUMCU<\/li>\n<li>G\u00f6khan YAZGI\n<ul>\n<li>K\u00fct\u00fcphaneler ve Yay\u0131mlar Genel M\u00fcd\u00fcrl\u00fc\u011f\u00fc\n<ul>\n<li>Samsun M\u00fcze M\u00fcd\u00fcrl\u00fckleri\n<ul>\n<li><em><strong>Samsun M\u00fczesi (Ba\u011fl\u0131 Bulundu\u011fu Kurum: K\u00fclt\u00fcr ve Turizm Bakanl\u0131\u011f\u0131)<\/strong><\/em><\/li>\n<li>Band\u0131rma Gemi M\u00fczesi (Ba\u011fl\u0131 Bulundu\u011fu Kurum: Samsun B\u00fcy\u00fck\u015fehir Belediyesi)<\/li>\n<li><strong>Gazi M\u00fczesi<em> (Ba\u011fl\u0131 Bulundu\u011fu Kurum: K\u00fclt\u00fcr ve Turizm Bakanl\u0131\u011f\u0131)<\/em><\/strong><\/li>\n<li>Havza Atat\u00fcrk Evi M\u00fczesi (Ba\u011fl\u0131 Bulundu\u011fu Kurum: Samsun B\u00fcy\u00fck\u015fehir Belediyesi)<\/li>\n<li>Bafra M\u00fczesi<strong><em> (Ba\u011fl\u0131 Bulundu\u011fu Kurum: K\u00fclt\u00fcr ve Turizm Bakanl\u0131\u011f\u0131)<\/em><\/strong><\/li>\n<li>Samsun Kent M\u00fczesi (Ba\u011fl\u0131 Bulundu\u011fu Kurum: Samsun B\u00fcy\u00fck\u015fehir Belediyesi)<\/li>\n<li>Cerrahi El Aletleri ve Sa\u011fl\u0131k M\u00fczesi\u00a0(Ba\u011fl\u0131 Bulundu\u011fu Kurum: Samsun B\u00fcy\u00fck\u015fehir Belediyesi)<\/li>\n<li>Sadi Tekkesi Kuvay-i Milliye M\u00fczesi\u00a0(Ba\u011fl\u0131 Bulundu\u011fu Kurum: Samsun B\u00fcy\u00fck\u015fehir Belediyesi)<\/li>\n<li>Panorama 1919 M\u00fczesi (Ba\u011fl\u0131 Bulundu\u011fu Kurum: Samsun B\u00fcy\u00fck\u015fehir Belediyesi) (<span style=\"color: #0000ff;\">19\/05\/2025 tarihi itibariyle hizmet vermemektedir.<\/span>)<\/li>\n<li>Bafra T\u00fct\u00fcn M\u00fczesi\u00a0(Ba\u011fl\u0131 Bulundu\u011fu Kurum: Samsun B\u00fcy\u00fck\u015fehir Belediyesi)<\/li>\n<li>Ala\u00e7am M\u00fcbadele M\u00fczesi\u00a0(Ba\u011fl\u0131 Bulundu\u011fu Kurum: Samsun B\u00fcy\u00fck\u015fehir Belediyesi)<\/li>\n<li>Amazon K\u00f6y\u00fc\u00a0(Ba\u011fl\u0131 Bulundu\u011fu Kurum: Samsun B\u00fcy\u00fck\u015fehir Belediyesi)<\/li>\n<li>1071&#8217;den 15 Temmuz&#8217;a Destanlar ve Demokrasi M\u00fczesi (Ba\u011fl\u0131 Bulundu\u011fu Kurum: Canik Belediyesi)<\/li>\n<li>Tekkek\u00f6y Ma\u011faralar\u0131 Arkeloloji Vadisi M\u00fcze Evi\u00a0(<span style=\"color: #0000ff;\">Ba\u011fl\u0131 Bulundu\u011fu Kurum: Samsun B\u00fcy\u00fck\u015fehir Belediyesi<\/span>)<\/li>\n<li>Ladik Ambark\u00f6y A\u00e7\u0131k Hava M\u00fczesi (Ba\u011fl\u0131 Bulundu\u011fu Kurum: Ladik Belediyesi)<\/li>\n<li>Kavak Ya\u015far Do\u011fu M\u00fcze Evi (<span style=\"color: #0000ff;\">Ba\u011fl\u0131 Bulundu\u011fu Kurum: ?<\/span>)<\/li>\n<li>Ladik Akp\u0131nar E\u011fitim M\u00fczesi\u00a0(<span style=\"color: #0000ff;\">Ba\u011fl\u0131 Bulundu\u011fu Kurum: ?<\/span>)<\/li>\n<li>Geri D\u00f6n\u00fc\u015f\u00fcm M\u00fczesi\u00a0(<span style=\"color: #0000ff;\">Ba\u011fl\u0131 Bulundu\u011fu Kurum: ?<\/span>) (<span style=\"color: #0000ff;\">Hizmet veriyor mu: ?<\/span>) (<span style=\"color: #0000ff;\">Kendi sitesinde &#8220;Samsun Avdan Geri D\u00f6n\u00fc\u015f\u00fcm M\u00fczesi&#8221; ismi, hangi isim do\u011fru?<\/span>)<\/li>\n<\/ul>\n<\/li>\n<\/ul>\n<\/li>\n<\/ul>\n<\/li>\n<li>Nadir ALPASLAN<\/li>\n<li>Dr. Serdar \u00c7AM<\/li>\n<\/ul>\n<\/li>\n<\/ul>\n<\/li>\n<li><a href=\"https:\/\/www.ktb.gov.tr\/TR-96134\/tasra-teskilati.html\" target=\"_blank\" rel=\"noopener\">Ta\u015fra Te\u015fkilat\u0131<\/a>\n<ul>\n<li>\u0130l K\u00fclt\u00fcr ve Turizm M\u00fcd\u00fcrl\u00fckleri\/ <strong><em><a style=\"font-family: Consolas, Monaco, monospace;\" href=\"https:\/\/samsun.ktb.gov.tr\/TR-335801\/teskilat-semasi.html\" target=\"_blank\" rel=\"noopener\">Samsun \u0130l K\u00fclt\u00fcr ve Turizm M\u00fcd\u00fcrl\u00fc\u011f\u00fc<\/a><\/em><\/strong> (<span style=\"color: #0000ff;\">\u0130l K\u00fclt\u00fcr ve Turizm M\u00fcd\u00fcr Vekili<\/span>: S\u00fcleyman DEM\u0130RTA\u015e)\n<ul>\n<li><strong><em>\u0130l M\u00fcd\u00fcr Yard\u0131mc\u0131lar\u0131<\/em><\/strong>\n<ul>\n<li><strong><em>\u0130dari ve Mali \u0130\u015fler &#8211; Personel \u015eube M\u00fcd\u00fcrl\u00fckleri<\/em><\/strong><\/li>\n<li><strong><em>K\u00fclt\u00fcr \u0130\u015fleri \u015eube M\u00fcd\u00fcrl\u00fc\u011f\u00fc<\/em><\/strong><\/li>\n<li><strong><em>Turizm \u0130\u015fleri \u015eube M\u00fcd\u00fcrl\u00fc\u011f\u00fc<\/em><\/strong><\/li>\n<\/ul>\n<\/li>\n<li>Hukuk Servisi<\/li>\n<\/ul>\n<\/li>\n<li><em><strong>K\u00fclt\u00fcr Merkezleri<\/strong><\/em>\/ <a href=\"https:\/\/samsun.ktb.gov.tr\/TR-172681\/kultur-merkezleri.html\" target=\"_blank\" rel=\"noopener\">Samsun&#8217;daki K\u00fclt\u00fcr Merkezleri<\/a>\n<ul>\n<li><strong><em>Atat\u00fcrk K\u00fclt\u00fcr Merkezi (Ba\u011fl\u0131 Bulundu\u011fu Kurum: K\u00fclt\u00fcr ve Turizm Bakanl\u0131\u011f\u0131)<\/em><\/strong><\/li>\n<li>Atakum Sanat Merkezi (Ba\u011fl\u0131 Bulundu\u011fu Kurum: Samsun B\u00fcy\u00fck\u015fehir Belediyesi)<\/li>\n<li>Y\u0131ld\u0131ray \u00c7\u0131nar K\u00fclt\u00fcr Merkezi (Ba\u011fl\u0131 Bulundu\u011fu Kurum: \u0130lkad\u0131m Belediyesi)<\/li>\n<li>Canik K\u00fclt\u00fcr Merkezi (Ba\u011fl\u0131 Bulundu\u011fu Kurum: Canik Belediyesi)<\/li>\n<li>Bafra K\u00fclt\u00fcr Merkezi (Ba\u011fl\u0131 Bulundu\u011fu Kurum: Bafra Belediyesi)<\/li>\n<li>Kutlukent K\u00fclt\u00fcr Merkezi (Ba\u011fl\u0131 Bulundu\u011fu Kurum: Tekkek\u00f6y Belediyesi)<\/li>\n<li>Cemil \u015eensoy K\u00fclt\u00fcr Merkezi (Ba\u011fl\u0131 Bulundu\u011fu Kurum: \u00c7ar\u015famba Belediyesi)<\/li>\n<li>Gazi Sahnesi (Ba\u011fl\u0131 Bulundu\u011fu Kurum: \u0130lkad\u0131m Belediyesi)<\/li>\n<li>OM\u00dc K\u00fclt\u00fcr ve Kongre Merkezi (Ba\u011fl\u0131 Bulundu\u011fu Kurum: Ondokuzmay\u0131s \u00dcniversitesi Rekt\u00f6rl\u00fc\u011f\u00fc)<\/li>\n<li>OM\u00dc G\u00fczel Santalar K\u00fclt\u00fcr Merkezi (Ba\u011fl\u0131 Bulundu\u011fu Kurum: Ondokuzmay\u0131s \u00dcniversitesi Rekt\u00f6rl\u00fc\u011f\u00fc)<\/li>\n<li>Vezirk\u00f6pr\u00fc K\u00fclt\u00fcr Merkezi (Ba\u011fl\u0131 Bulundu\u011fu Kurum: Vezirk\u00f6pr\u00fc Belediyesi)<\/li>\n<li>19 May\u0131s Safiye \u00d6LMEZ Kad\u0131nlar K\u00fclt\u00fcr Merkezi (Ba\u011fl\u0131 Bulundu\u011fu Kurum: 19 May\u0131s Belediyesi)<\/li>\n<li>Terme Belediyesi K\u00fclt\u00fcr Merkezi (Ba\u011fl\u0131 Bulundu\u011fu Kurum: Terme Belediyesi)<\/li>\n<li>Ayvac\u0131k K\u00fclt\u00fcr ve Do\u011fal Ya\u015fam Merkezi (Ba\u011fl\u0131 Bulundu\u011fu Kurum: Ayvac\u0131k Belediyesi)<\/li>\n<li>Havza K\u00fclt\u00fcr Merkezi (Ba\u011fl\u0131 Bulundu\u011fu Kurum: Havza Belediyesi)<\/li>\n<li>Havza Halk E\u011fitim Merkezi (Ba\u011fl\u0131 Bulundu\u011fu Kurum: Havza Milli E\u011fitim M\u00fcd\u00fcrl\u00fc\u011f\u00fc)<\/li>\n<li>Atakum E\u011fitim-E\u011flence Merkezi (Ba\u011fl\u0131 Bulundu\u011fu Kurum: Atakum Belediyesi)<\/li>\n<\/ul>\n<\/li>\n<li>K\u00fclt\u00fcr Varl\u0131klar\u0131 ve M\u00fczeler Genel M\u00fcd\u00fcrl\u00fc\u011f\u00fc\n<ul>\n<li>Merkeze Ba\u011fl\u0131 Ta\u015fra Te\u015fkilat\u0131\n<ul>\n<li>K\u00fclt\u00fcr Varl\u0131klar\u0131n\u0131 Kurulu M\u00fcd\u00fcrl\u00fckleri<\/li>\n<li>R\u00f6l\u00f6ve ve An\u0131tlar M\u00fcd\u00fcrl\u00fckleri<\/li>\n<li>Restorasyon ve Konservasyon Merkez Laboratuvar\u0131 M\u00fcd\u00fcrl\u00fc\u011f\u00fc<\/li>\n<\/ul>\n<\/li>\n<li>Ta\u015fra Te\u015fkilat\u0131\n<ul>\n<li>K\u00fct\u00fcphaneler\n<ul>\n<li>Gazi \u0130l Halk K\u00fct\u00fcphanesi<\/li>\n<li>Ala\u00e7am \u0130l\u00e7e Halk K\u00fct\u00fcphanesi<\/li>\n<li>Asarc\u0131k \u015eehit Muharrem Konu \u0130l\u00e7e Halk K\u00fct\u00fcphanesi<\/li>\n<li>Ayvac\u0131k \u0130l\u00e7e Halk K\u00fct\u00fcphanesi<\/li>\n<li>Atakum 100. Y\u0131l Gazi \u0130l\u00e7e Halk K\u00fct\u00fcphanesi<\/li>\n<li>Bafra Hasan \u00c7ak\u0131n \u0130l\u00e7e Halk K\u00fct\u00fcphanesi<\/li>\n<li>\u00c7ar\u015famba \u0130l\u00e7e Halk K\u00fct\u00fcphanesi<\/li>\n<li>Havza Atat\u00fcrk \u0130l\u00e7e Halk K\u00fct\u00fcphanesi<\/li>\n<li>\u0130lkad\u0131m Atat\u00fcrk \u0130l\u00e7e Halk K\u00fct\u00fcphanesi<\/li>\n<li>Kavak \u0130l\u00e7e Halk K\u00fct\u00fcphanesi<\/li>\n<li>Ladik Atat\u00fcrk \u0130l\u00e7e Halk K\u00fct\u00fcphanesi<\/li>\n<li>19 May\u0131s \u0130l\u00e7e Halk K\u00fct\u00fcphanesi<\/li>\n<li>Sal\u0131pazar\u0131 \u0130l\u00e7e Halk K\u00fct\u00fcphanesi<\/li>\n<li>Tekkek\u00f6y \u0130l\u00e7e Halk K\u00fct\u00fcphanesi<\/li>\n<li>Terme 100. Y\u0131l \u0130l\u00e7e Halk K\u00fct\u00fcphanesi<\/li>\n<li>Vezirk\u00f6pr\u00fc Faz\u0131l Ahmet Pa\u015fa \u0130l\u00e7e Halk K\u00fct\u00fcphanesi<\/li>\n<li>Vezirk\u00f6pr\u00fc Bebek ve \u00c7ocuk K\u00fct\u00fcphanesi<\/li>\n<li>Vezirk\u00f6pr\u00fc \u00c7ocuk K\u00fct\u00fcphanesi<\/li>\n<li>Yakakent \u0130l\u00e7e Halk K\u00fct\u00fcphanesi<\/li>\n<\/ul>\n<\/li>\n<\/ul>\n<\/li>\n<li>S\u00fcrekli Bilimsel Kurullar\n<ul>\n<li>K\u00fclt\u00fcr ve Tabiat Varl\u0131klar\u0131n\u0131 Koruma Y\u00fcksek Kurulu<\/li>\n<li>K\u00fclt\u00fcr Varl\u0131klar\u0131n\u0131 Koruma B\u00f6lge Kurullar\u0131<\/li>\n<\/ul>\n<\/li>\n<\/ul>\n<\/li>\n<\/ul>\n<\/li>\n<li><a href=\"https:\/\/uygulamalar.ktb.gov.tr\/teskilat_semasi.php\" target=\"_blank\" rel=\"noopener\">Yurtd\u0131\u015f\u0131 Te\u015fkilat\u0131<\/a><\/li>\n<\/ul>\n","protected":false},"excerpt":{"rendered":"<p>T\u00fcrkiye Cumhuriyeti K\u00fclt\u00fcr ve Turizm Bakanl\u0131\u011f\u0131 Te\u015fkilat \u015eemas\u0131 Merkez Te\u015fkilat\u0131 (K\u00fclt\u00fcr ve Turizm Bakan\u0131: Mehmet Nuri ERSOY) \u00d6zel Kalem M\u00fcd\u00fcrl\u00fc\u011f\u00fc<\/p>\n","protected":false},"author":1,"featured_media":0,"comment_status":"closed","ping_status":"closed","sticky":false,"template":"","format":"standard","meta":{"colormag_page_container_layout":"default_layout","colormag_page_sidebar_layout":"default_layout","footnotes":""},"categories":[54],"tags":[144],"class_list":["post-908","post","type-post","status-publish","format-standard","hentry","category-blog","tag-samsun-il-kultur-ve-turizm-mudurlugu"],"_links":{"self":[{"href":"https:\/\/samsun.city\/index.php?rest_route=\/wp\/v2\/posts\/908","targetHints":{"allow":["GET"]}}],"collection":[{"href":"https:\/\/samsun.city\/index.php?rest_route=\/wp\/v2\/posts"}],"about":[{"href":"https:\/\/samsun.city\/index.php?rest_route=\/wp\/v2\/types\/post"}],"author":[{"embeddable":true,"href":"https:\/\/samsun.city\/index.php?rest_route=\/wp\/v2\/users\/1"}],"replies":[{"embeddable":true,"href":"https:\/\/samsun.city\/index.php?rest_route=%2Fwp%2Fv2%2Fcomments&post=908"}],"version-history":[{"count":10,"href":"https:\/\/samsun.city\/index.php?rest_route=\/wp\/v2\/posts\/908\/revisions"}],"predecessor-version":[{"id":918,"href":"https:\/\/samsun.city\/index.php?rest_route=\/wp\/v2\/posts\/908\/revisions\/918"}],"wp:attachment":[{"href":"https:\/\/samsun.city\/index.php?rest_route=%2Fwp%2Fv2%2Fmedia&parent=908"}],"wp:term":[{"taxonomy":"category","embeddable":true,"href":"https:\/\/samsun.city\/index.php?rest_route=%2Fwp%2Fv2%2Fcategories&post=908"},{"taxonomy":"post_tag","embeddable":true,"href":"https:\/\/samsun.city\/index.php?rest_route=%2Fwp%2Fv2%2Ftags&post=908"}],"curies":[{"name":"wp","href":"https:\/\/api.w.org\/{rel}","templated":true}]}}