{"id":896,"date":"2025-05-15T19:01:26","date_gmt":"2025-05-15T16:01:26","guid":{"rendered":"https:\/\/samsun.city\/?p=896"},"modified":"2025-05-22T18:26:54","modified_gmt":"2025-05-22T15:26:54","slug":"diger-fikirler-taslak","status":"publish","type":"post","link":"https:\/\/samsun.city\/?p=896","title":{"rendered":"Di\u011fer Fikirler (Taslak)"},"content":{"rendered":"<p><span style=\"color: #ff0000;\"><strong>Not:<\/strong><\/span><\/p>\n<ul>\n<li>Bu fikirlerle hen\u00fcz ba\u015fvuru yap\u0131lmam\u0131\u015ft\u0131r. (<span style=\"color: #00ff00;\">Ye\u015fil olanlar hari\u00e7<\/span>)<\/li>\n<\/ul>\n<p><img loading=\"lazy\" decoding=\"async\" class=\"size-full wp-image-478 aligncenter\" src=\"https:\/\/samsun.city\/wp-content\/uploads\/2023\/04\/sayfa-ayirici-sus-cizgisi_samsuncity-001.png\" alt=\"\" width=\"1000\" height=\"47\" srcset=\"https:\/\/samsun.city\/wp-content\/uploads\/2023\/04\/sayfa-ayirici-sus-cizgisi_samsuncity-001.png 1000w, https:\/\/samsun.city\/wp-content\/uploads\/2023\/04\/sayfa-ayirici-sus-cizgisi_samsuncity-001-300x14.png 300w, https:\/\/samsun.city\/wp-content\/uploads\/2023\/04\/sayfa-ayirici-sus-cizgisi_samsuncity-001-768x36.png 768w\" sizes=\"auto, (max-width: 1000px) 100vw, 1000px\" \/><\/p>\n<p><span style=\"color: #00ff00;\">Samsun Do\u011fu Yakas\u0131 ve Bat\u0131 Yakas\u0131 Aras\u0131nda Deniz Ula\u015f\u0131m\u0131 ile Toplu Ta\u015f\u0131ma Ba\u015flat\u0131lmas\u0131 (E.)<\/span><\/p>\n<ul>\n<li><span style=\"color: #00ff00;\">Samsun \u0130limizin en do\u011fusunda bulunan Terme \u0130l\u00e7emiz ile ilimizin en bat\u0131s\u0131nda bulunan Yakaken \u0130l\u00e7esi aras\u0131nda deniz ula\u015f\u0131m\u0131 ile toplu ta\u015f\u0131ma ba\u015flat\u0131lmas\u0131.<\/span><\/li>\n<\/ul>\n<p><img loading=\"lazy\" decoding=\"async\" class=\"size-full wp-image-478 aligncenter\" src=\"https:\/\/samsun.city\/wp-content\/uploads\/2023\/04\/sayfa-ayirici-sus-cizgisi_samsuncity-001.png\" alt=\"\" width=\"1000\" height=\"47\" srcset=\"https:\/\/samsun.city\/wp-content\/uploads\/2023\/04\/sayfa-ayirici-sus-cizgisi_samsuncity-001.png 1000w, https:\/\/samsun.city\/wp-content\/uploads\/2023\/04\/sayfa-ayirici-sus-cizgisi_samsuncity-001-300x14.png 300w, https:\/\/samsun.city\/wp-content\/uploads\/2023\/04\/sayfa-ayirici-sus-cizgisi_samsuncity-001-768x36.png 768w\" sizes=\"auto, (max-width: 1000px) 100vw, 1000px\" \/><\/p>\n<p><span style=\"color: #00ff00;\">Yakakent&#8217;ten Terme&#8217;ye Elektrikli Metrob\u00fcs (E.)<\/span><\/p>\n<ul>\n<li><span style=\"color: #00ff00;\">Samsun&#8217;un En Bat\u0131 \u0130l\u00e7esinden En Do\u011fu \u0130l\u00e7esine Metrob\u00fcs \u0130le Toplu Ula\u015f\u0131m\u0131n Sa\u011flanmas\u0131<\/span><\/li>\n<li><span style=\"color: #00ff00;\">B\u00f6ylece; ula\u015f\u0131m, \u00f6zel dolmu\u015flar tekelinden \u00e7\u0131km\u0131\u015f olacak.<\/span><\/li>\n<li><span style=\"color: #00ff00;\">Rekabet ortam\u0131 olu\u015fmu\u015f olacak.<\/span><\/li>\n<li><span style=\"color: #00ff00;\">Vatanda\u015fa altertanif bir ula\u015f\u0131m imkan\u0131 sunulmu\u015f olacak.<\/span><\/li>\n<\/ul>\n<p><img loading=\"lazy\" decoding=\"async\" class=\"size-full wp-image-478 aligncenter\" src=\"https:\/\/samsun.city\/wp-content\/uploads\/2023\/04\/sayfa-ayirici-sus-cizgisi_samsuncity-001.png\" alt=\"\" width=\"1000\" height=\"47\" srcset=\"https:\/\/samsun.city\/wp-content\/uploads\/2023\/04\/sayfa-ayirici-sus-cizgisi_samsuncity-001.png 1000w, https:\/\/samsun.city\/wp-content\/uploads\/2023\/04\/sayfa-ayirici-sus-cizgisi_samsuncity-001-300x14.png 300w, https:\/\/samsun.city\/wp-content\/uploads\/2023\/04\/sayfa-ayirici-sus-cizgisi_samsuncity-001-768x36.png 768w\" sizes=\"auto, (max-width: 1000px) 100vw, 1000px\" \/><\/p>\n<p>Samsun&#8217;da B\u00fct\u00fcn Parklar\u0131n (Mesire Alanlar\u0131n\u0131n ve \u00c7ocuk Oyun Parklar\u0131n\u0131n) G\u00fcvenli\u011finin Sa\u011flanmas\u0131<\/p>\n<ul>\n<li>Ayd\u0131nlat\u0131lmas\u0131<\/li>\n<li>G\u00fcvenlik Kamera Sistemi<\/li>\n<li>B\u00f6ylece; gerekli g\u00fcvenlik \u00f6nlemlerinin al\u0131nmas\u0131.<\/li>\n<\/ul>\n<p><img loading=\"lazy\" decoding=\"async\" class=\"size-full wp-image-478 aligncenter\" src=\"https:\/\/samsun.city\/wp-content\/uploads\/2023\/04\/sayfa-ayirici-sus-cizgisi_samsuncity-001.png\" alt=\"\" width=\"1000\" height=\"47\" srcset=\"https:\/\/samsun.city\/wp-content\/uploads\/2023\/04\/sayfa-ayirici-sus-cizgisi_samsuncity-001.png 1000w, https:\/\/samsun.city\/wp-content\/uploads\/2023\/04\/sayfa-ayirici-sus-cizgisi_samsuncity-001-300x14.png 300w, https:\/\/samsun.city\/wp-content\/uploads\/2023\/04\/sayfa-ayirici-sus-cizgisi_samsuncity-001-768x36.png 768w\" sizes=\"auto, (max-width: 1000px) 100vw, 1000px\" \/><\/p>\n<p>Stajyer \u00f6\u011frenci gibi, sahil temizli\u011fine kat\u0131lanlar gibi, g\u00f6n\u00fcll\u00fcl\u00fck \u00e7er\u00e7evesinde belli bir \u00fccret beklentisi olmaks\u0131z\u0131n belediye vas\u0131tas\u0131yla \u015fehre hizmet etmek isteyen vatanda\u015flar\u0131n tespit edilmesi, g\u00f6n\u00fcll\u00fc olarak katk\u0131da bulunmalar\u0131n\u0131n sa\u011flanmas\u0131.<\/p>\n<p><img loading=\"lazy\" decoding=\"async\" class=\"size-full wp-image-478 aligncenter\" src=\"https:\/\/samsun.city\/wp-content\/uploads\/2023\/04\/sayfa-ayirici-sus-cizgisi_samsuncity-001.png\" alt=\"\" width=\"1000\" height=\"47\" srcset=\"https:\/\/samsun.city\/wp-content\/uploads\/2023\/04\/sayfa-ayirici-sus-cizgisi_samsuncity-001.png 1000w, https:\/\/samsun.city\/wp-content\/uploads\/2023\/04\/sayfa-ayirici-sus-cizgisi_samsuncity-001-300x14.png 300w, https:\/\/samsun.city\/wp-content\/uploads\/2023\/04\/sayfa-ayirici-sus-cizgisi_samsuncity-001-768x36.png 768w\" sizes=\"auto, (max-width: 1000px) 100vw, 1000px\" \/><\/p>\n<p>Fahri Polis Uygulamas\u0131 gibi, Fahri \u00c7\u00f6z\u00fcm Merkezi<\/p>\n<p><img loading=\"lazy\" decoding=\"async\" class=\"size-full wp-image-478 aligncenter\" src=\"https:\/\/samsun.city\/wp-content\/uploads\/2023\/04\/sayfa-ayirici-sus-cizgisi_samsuncity-001.png\" alt=\"\" width=\"1000\" height=\"47\" srcset=\"https:\/\/samsun.city\/wp-content\/uploads\/2023\/04\/sayfa-ayirici-sus-cizgisi_samsuncity-001.png 1000w, https:\/\/samsun.city\/wp-content\/uploads\/2023\/04\/sayfa-ayirici-sus-cizgisi_samsuncity-001-300x14.png 300w, https:\/\/samsun.city\/wp-content\/uploads\/2023\/04\/sayfa-ayirici-sus-cizgisi_samsuncity-001-768x36.png 768w\" sizes=\"auto, (max-width: 1000px) 100vw, 1000px\" \/><\/p>\n<p><span style=\"color: #00ff00;\"><strong>U\u00e7ak var\u0131\u015f, otogar otob\u00fcs var\u0131\u015f, liman Astoria Grand var\u0131\u015f saatlerine; &#8220;Kar\u015f\u0131lama&#8221; personellerinin g\u00f6revlendirilmesi; talep, \u015fikayet, \u00f6neri, te\u015fekk\u00fcr, proje fikirleri, \u015fehrin tan\u0131t\u0131m\u0131 ve turistik rehber bilgi bro\u015f\u00fcrleri verilmesi v.s. vatanda\u015fla dokunarak ve y\u00fczy\u00fcze ileti\u015fime ge\u00e7mek ve y\u00f6nlendirebilmek \u00fczere, SBB taraf\u0131ndan halkla ili\u015fkiler personellerinin g\u00f6revlendirilmesi. B\u00f6ylece; \u015fehre ilk kez ad\u0131m atan misafirler, &#8220;\u015fehrin do\u011fru \u015fekilde tan\u0131t\u0131m\u0131 ve turizm&#8221; ad\u0131na bu terminal giri\u015f noktalar\u0131ndaki t\u00fcccarlar\u0131n insaf\u0131na terkedilmemi\u015f olacak.<\/strong><\/span><\/p>\n<p><span style=\"color: #00ff00;\">\u015eehrin hareketli, kalabal\u0131k ve giri\u015f-\u00e7\u0131k\u0131\u015f noktalar\u0131na, belediyenin hizmetlerini tan\u0131tan, vatanda\u015f\u0131n belediyenin hizmetlerinden memnun mu \u015fikayet\u00e7i mi oldu\u011funu dinleyip ilgili birimlere iletmek \u00fczere kay\u0131t alt\u0131na alan halkla ili\u015fkiler personellerinin g\u00f6revlendirilmesi.<\/span><\/p>\n<p><img loading=\"lazy\" decoding=\"async\" class=\"size-full wp-image-478 aligncenter\" src=\"https:\/\/samsun.city\/wp-content\/uploads\/2023\/04\/sayfa-ayirici-sus-cizgisi_samsuncity-001.png\" alt=\"\" width=\"1000\" height=\"47\" srcset=\"https:\/\/samsun.city\/wp-content\/uploads\/2023\/04\/sayfa-ayirici-sus-cizgisi_samsuncity-001.png 1000w, https:\/\/samsun.city\/wp-content\/uploads\/2023\/04\/sayfa-ayirici-sus-cizgisi_samsuncity-001-300x14.png 300w, https:\/\/samsun.city\/wp-content\/uploads\/2023\/04\/sayfa-ayirici-sus-cizgisi_samsuncity-001-768x36.png 768w\" sizes=\"auto, (max-width: 1000px) 100vw, 1000px\" \/><\/p>\n","protected":false},"excerpt":{"rendered":"<p>Not: Bu fikirlerle hen\u00fcz ba\u015fvuru yap\u0131lmam\u0131\u015ft\u0131r. (Ye\u015fil olanlar hari\u00e7) Samsun Do\u011fu Yakas\u0131 ve Bat\u0131 Yakas\u0131 Aras\u0131nda Deniz Ula\u015f\u0131m\u0131 ile Toplu<\/p>\n","protected":false},"author":1,"featured_media":0,"comment_status":"closed","ping_status":"closed","sticky":false,"template":"","format":"standard","meta":{"colormag_page_container_layout":"default_layout","colormag_page_sidebar_layout":"default_layout","footnotes":""},"categories":[92],"tags":[],"class_list":["post-896","post","type-post","status-publish","format-standard","hentry","category-bir-fikir"],"_links":{"self":[{"href":"https:\/\/samsun.city\/index.php?rest_route=\/wp\/v2\/posts\/896","targetHints":{"allow":["GET"]}}],"collection":[{"href":"https:\/\/samsun.city\/index.php?rest_route=\/wp\/v2\/posts"}],"about":[{"href":"https:\/\/samsun.city\/index.php?rest_route=\/wp\/v2\/types\/post"}],"author":[{"embeddable":true,"href":"https:\/\/samsun.city\/index.php?rest_route=\/wp\/v2\/users\/1"}],"replies":[{"embeddable":true,"href":"https:\/\/samsun.city\/index.php?rest_route=%2Fwp%2Fv2%2Fcomments&post=896"}],"version-history":[{"count":6,"href":"https:\/\/samsun.city\/index.php?rest_route=\/wp\/v2\/posts\/896\/revisions"}],"predecessor-version":[{"id":938,"href":"https:\/\/samsun.city\/index.php?rest_route=\/wp\/v2\/posts\/896\/revisions\/938"}],"wp:attachment":[{"href":"https:\/\/samsun.city\/index.php?rest_route=%2Fwp%2Fv2%2Fmedia&parent=896"}],"wp:term":[{"taxonomy":"category","embeddable":true,"href":"https:\/\/samsun.city\/index.php?rest_route=%2Fwp%2Fv2%2Fcategories&post=896"},{"taxonomy":"post_tag","embeddable":true,"href":"https:\/\/samsun.city\/index.php?rest_route=%2Fwp%2Fv2%2Ftags&post=896"}],"curies":[{"name":"wp","href":"https:\/\/api.w.org\/{rel}","templated":true}]}}