{"id":871,"date":"2025-05-15T10:19:10","date_gmt":"2025-05-15T07:19:10","guid":{"rendered":"https:\/\/samsun.city\/?p=871"},"modified":"2025-05-15T19:14:20","modified_gmt":"2025-05-15T16:14:20","slug":"samsun-fikir-yarismasi","status":"publish","type":"post","link":"https:\/\/samsun.city\/?p=871","title":{"rendered":"Samsun Fikir Yar\u0131\u015fmas\u0131"},"content":{"rendered":"<p><span style=\"color: #00ff00;\">Yar\u0131\u015fma, <strong>Samsun B\u00fcy\u00fck\u015fehir Belediyesi<\/strong> taraf\u0131ndan d\u00fczenlenmektedir.<\/span><\/p>\n<p><strong>Yar\u0131\u015fma Tan\u0131t\u0131m Afi\u015fi:<\/strong><\/p>\n<ul>\n<li><a href=\"https:\/\/samsun.city\/wp-content\/uploads\/2025\/05\/tlp2505150955tr.png\" target=\"_blank\" rel=\"noopener\">samsun.city<\/a><\/li>\n<\/ul>\n<p><strong>Son Ba\u015fvuru Tarihi:<\/strong><\/p>\n<ul>\n<li><span style=\"color: #ff0000;\">22 May\u0131s 2025 Per\u015fembe<\/span><\/li>\n<li>14 ya\u015f ve \u00fczeri herkes yar\u0131\u015fmaya kat\u0131labilir.<\/li>\n<li>Sadece ikametgah\u0131 Samsun olanlar ba\u015fvurabilir.<\/li>\n<li>Bir kat\u0131l\u0131mc\u0131 en fazla 3 farkl\u0131 proje ba\u015fvurusu yapabilir.<\/li>\n<\/ul>\n<p><strong>Yar\u0131\u015fman\u0131n;<\/strong><\/p>\n<ul>\n<li>Amac\u0131: Samsun ilinde ya\u015fayan vatanda\u015flar\u0131m\u0131z\u0131n; \u015fehrin ad\u0131n\u0131 \u00f6n plana \u00e7\u0131kartarak, marka haline getirilmesini sa\u011flayacak projeler olu\u015fturmas\u0131 ve uygulanabilecek olanlar\u0131 hayata ge\u00e7irmektir.<\/li>\n<li>Konusu: \u015eehir bilincini olu\u015fturmaya ve \u015fehir hayat\u0131n\u0131 kolayla\u015ft\u0131rmaya y\u00f6nelik proje fikirleri.<\/li>\n<li>Kapsam\u0131: Samsun ilinde ikamet eden t\u00fcm vatanda\u015flar\u0131m\u0131z\u0131n yenilik\u00e7i proje fikirlerini kapsamaktad\u0131r.<\/li>\n<\/ul>\n<p><strong>Yar\u0131\u015fma Ba\u015fl\u0131klar\u0131:<\/strong><\/p>\n<ul>\n<li>K\u00fclt\u00fcr<\/li>\n<li>Turizm<\/li>\n<li>Sosyal Hizmetler<\/li>\n<li>Gen\u00e7lik<\/li>\n<li>Spor<\/li>\n<li>\u00c7evre<\/li>\n<li>G\u0131da, Tar\u0131m, Hayvanc\u0131l\u0131k<\/li>\n<li>Ula\u015f\u0131m &#8211; Trafik<\/li>\n<li>Kent K\u00fclt\u00fcr\u00fc ve Esteti\u011fi<\/li>\n<li>Ak\u0131ll\u0131 \u015eehir Uygulamalar\u0131<\/li>\n<li>\u0130stihdam<\/li>\n<li>Bilim ve Teknoloji<\/li>\n<li>Yenilik\u00e7i Fikirler<\/li>\n<li>Sa\u011fl\u0131kl\u0131 Ya\u015fam ve Beslenme<\/li>\n<li>Di\u011fer<\/li>\n<\/ul>\n<p><strong>\u00d6d\u00fcller:<\/strong><\/p>\n<ul>\n<li>Birinciye 50.000 TL<\/li>\n<li>\u0130kinciye 40.000 TL<\/li>\n<li>\u00dc\u00e7\u00fcnc\u00fcye 30.000 TL<\/li>\n<li>D\u00f6rd\u00fcnc\u00fcye 20.000 TL<\/li>\n<li>Be\u015finciye 15.000 TL<\/li>\n<li>J\u00fcri \u00d6zel \u00d6d\u00fcl\u00fc 10.000 TL<\/li>\n<\/ul>\n<p><strong>Ba\u015fvuru Formu:<\/strong><\/p>\n<ul>\n<li><a href=\"https:\/\/samsunafikrinleyonver.samsun.bel.tr\/\" target=\"_blank\" rel=\"noopener\">samsun.bel.tr<\/a><\/li>\n<\/ul>\n<p><strong>Ba\u015fvuru Formunda Talep Edilen Bilgiler:<\/strong><\/p>\n<p>\u0130leti\u015fim ve Ki\u015fisel Bilgiler<\/p>\n<ul>\n<li>Ad\u0131<\/li>\n<li>Soyad\u0131<\/li>\n<li>TC Kimlik Numaras\u0131<\/li>\n<li>Do\u011fum Tarihi<\/li>\n<li>Telefon Numaras\u0131<\/li>\n<li>E-Posta Adresi<\/li>\n<li>Adres<\/li>\n<\/ul>\n<p>Proje Bilgileri<\/p>\n<ul>\n<li>Proje Ad\u0131<\/li>\n<li>Proje Kategorisi<\/li>\n<li>Proje \u00d6zeti<\/li>\n<li>Projenin Amac\u0131<\/li>\n<li>Projenin Uygulanabilece\u011fi Yerler<\/li>\n<li>Projenin Hedef Kitlesi<\/li>\n<li>Projenin Tahmini B\u00fct\u00e7esi<\/li>\n<\/ul>\n<p><strong>Yar\u0131\u015fma \u015eartlar\u0131:<\/strong><\/p>\n<ul>\n<li><a href=\"https:\/\/samsunafikrinleyonver.samsun.bel.tr\/yarisma-sartlari.html\" target=\"_blank\" rel=\"noopener\">samsun.bel.tr<\/a><\/li>\n<\/ul>\n<p><strong>Yar\u0131\u015fmayla \u0130lgili Instagram Duyurusu:<\/strong><\/p>\n<ul>\n<li><a href=\"https:\/\/www.instagram.com\/p\/DI9bOh5svzL\/\" target=\"_blank\" rel=\"noopener\">instagram.com<\/a><\/li>\n<\/ul>\n<p><strong>Sonu\u00e7 A\u00e7\u0131klanma Tarihi:<\/strong><\/p>\n<ul>\n<li>15 Temmuz 2025 tarihinde samsun.bel.tr adresinde ve belediyenin sosyal medya hesaplar\u0131nda a\u00e7\u0131klanacakt\u0131r.<\/li>\n<\/ul>\n<p><strong>Yar\u0131\u015fma Takvimi:<\/strong><\/p>\n<ul>\n<li>22 Nisan 2025 Sal\u0131 &#8211; Yar\u0131\u015fma Duyurusunun Yap\u0131lmas\u0131<\/li>\n<li>22 Nisan 2025 Sal\u0131 ile 22 May\u0131s 2025 Per\u015fembe aras\u0131nda &#8211; Ba\u015fvurular\u0131n Elektronik Ortamda Tamamlanmas\u0131<\/li>\n<li>30 May\u0131s 2025 Cuma ile 5 Temmuz 2025 Cumartesi aras\u0131nda &#8211; De\u011ferlendirme S\u00fcrecinin Ba\u015flamas\u0131<\/li>\n<li>15 Temmuz 2025 Sal\u0131 &#8211; Sonu\u00e7lar\u0131n A\u00e7\u0131klanmas\u0131<\/li>\n<li>15 Temmuz 2025 Sal\u0131 ile 18 Temmuz 2025 Cuma aras\u0131nda &#8211; \u0130tiraz S\u00fcreci<\/li>\n<li>\u00d6d\u00fcl Takdimi tarihi daha sonra duyurulacakt\u0131r.<\/li>\n<\/ul>\n<p><strong>14, 15, 16 veya 17 Ya\u015f\u0131ndaki Ba\u015fvuranlar:<\/strong><\/p>\n<p><a href=\"https:\/\/samsunafikrinleyonver.samsun.bel.tr\/assets\/pdf\/veli_izin_belgesi.pdf\" target=\"_blank\" rel=\"noopener\">Buraya t\u0131klayarak<\/a> Veli \u0130zin Belgesi&#8217;ni indirip, \u00e7\u0131kt\u0131 al\u0131p, doldurup; <a href=\"https:\/\/samsunafikrinleyonver.samsun.bel.tr\/\" target=\"_blank\" rel=\"noopener\">Ba\u015fvuru Formu<\/a>&#8216;ndaki ilgili yere Veli \u0130zin Belgesi d\u00f6k\u00fcman\u0131n\u0131 y\u00fckleyerek ba\u015fvuru yapabilirler.<\/p>\n<p><span style=\"color: #ff0000;\"><strong>Kaynak\u00e7a:<\/strong><\/span><\/p>\n<p>Bu yar\u0131\u015fma <span style=\"color: #00ff00;\">Samsun B\u00fcy\u00fck\u015fehir Belediyesi<\/span> taraf\u0131ndan d\u00fczenlenmektedir. Bu blog g\u00f6nderisinin maksad\u0131, bu yar\u0131\u015fman\u0131n daha fazla Samsun&#8217;lu hem\u015fehrimize daha k\u0131sa s\u00fcrede ula\u015ft\u0131r\u0131labilmesidir. Bu sayfadaki b\u00fct\u00fcn bilgiler, Samsun B\u00fcy\u00fck\u015fehir Belediyesi&#8217;nin a\u015fa\u011f\u0131daki ilgili kaynak sayfalar\u0131ndan al\u0131nt\u0131lanm\u0131\u015ft\u0131r;<\/p>\n<ul>\n<li><a href=\"https:\/\/www.halitdogan.com\/haberler\/baskan-doganherkesin-fikri-bizim-icin-cok-kiymetli\" target=\"_blank\" rel=\"noopener\">halitdogan.com<\/a> &#8211; BA\u015eKAN DO\u011eAN:\u201cHERKES\u0130N F\u0130KR\u0130 B\u0130Z\u0130M \u0130\u00c7\u0130N \u00c7OK KIYMETL\u0130\u201d<\/li>\n<li><a href=\"https:\/\/samsun.bel.tr\/haberler\/samsuna-fikrinle-yon-ver-yarismasi\" target=\"_blank\" rel=\"noopener\">samsun.bel.tr<\/a> &#8211; &#8220;SAMSUN&#8217;A F\u0130KR\u0130NLE Y\u00d6N VER&#8221; YARI\u015eMASI<\/li>\n<li><a href=\"https:\/\/www.instagram.com\/p\/DJn06WoM29O\/\" target=\"_blank\" rel=\"noopener\">instagram.com\/samsunbsb<\/a> &#8211; Samsun\u2019umuzun yar\u0131nlar\u0131na birlikte karar vermeye devam ediyoruz\u2026 \u201cSamsun\u2019a Fikrinle Y\u00f6n Ver\u201d isimli \u00f6d\u00fcll\u00fc fikir yar\u0131\u015fmam\u0131za; K\u00fclt\u00fcr, turizm, gen\u00e7lik, spor, sosyal hizmetler, \u00e7evre, ula\u015f\u0131m, istihdam, g\u0131da-tar\u0131m-hayvanc\u0131l\u0131k, bilim, sa\u011fl\u0131k, kent k\u00fclt\u00fcr\u00fc gibi bir\u00e7ok ba\u015fl\u0131kta fikirlerinizi bekliyoruz.<\/li>\n<li><a href=\"https:\/\/x.com\/samsunbsb\/status\/1920498873191018827\" target=\"_blank\" rel=\"noopener\">x.com\/samsunbsb<\/a> &#8211; Bug\u00fcn\u00fcn Fikri Yar\u0131n\u0131n \u015eehri diyerek ba\u015flatt\u0131\u011f\u0131m\u0131z \u201cSamsun\u2019a Fikrinle Y\u00f6n Ver\u201d isimli \u00f6d\u00fcll\u00fc fikir yar\u0131\u015fmam\u0131z\u0131 devam ediyor! K\u00fclt\u00fcr, turizm, gen\u00e7lik, spor, sosyal hizmetler, \u00e7evre, ula\u015f\u0131m, istihdam, g\u0131da-tar\u0131m-hayvanc\u0131l\u0131k, bilim, sa\u011fl\u0131k, kent k\u00fclt\u00fcr\u00fc gibi bir\u00e7ok ba\u015fl\u0131kta fikirlerinizi bekliyoruz.<\/li>\n<\/ul>\n","protected":false},"excerpt":{"rendered":"<p>Yar\u0131\u015fma, Samsun B\u00fcy\u00fck\u015fehir Belediyesi taraf\u0131ndan d\u00fczenlenmektedir. Yar\u0131\u015fma Tan\u0131t\u0131m Afi\u015fi: samsun.city Son Ba\u015fvuru Tarihi: 22 May\u0131s 2025 Per\u015fembe 14 ya\u015f ve<\/p>\n","protected":false},"author":1,"featured_media":881,"comment_status":"closed","ping_status":"closed","sticky":false,"template":"","format":"standard","meta":{"colormag_page_container_layout":"default_layout","colormag_page_sidebar_layout":"default_layout","footnotes":""},"categories":[92,141],"tags":[126,127,47,129,128],"class_list":["post-871","post","type-post","status-publish","format-standard","has-post-thumbnail","hentry","category-bir-fikir","category-samsun-fikir-yarismasi","tag-bugunun-fikri-yarinin-sehri","tag-halid-dogan","tag-samsun-buyuksehir-belediyesi","tag-samsuna-fikrinle-yon-ver-yarismasi","tag-samsuna-fikrinle-yon-ver"],"_links":{"self":[{"href":"https:\/\/samsun.city\/index.php?rest_route=\/wp\/v2\/posts\/871","targetHints":{"allow":["GET"]}}],"collection":[{"href":"https:\/\/samsun.city\/index.php?rest_route=\/wp\/v2\/posts"}],"about":[{"href":"https:\/\/samsun.city\/index.php?rest_route=\/wp\/v2\/types\/post"}],"author":[{"embeddable":true,"href":"https:\/\/samsun.city\/index.php?rest_route=\/wp\/v2\/users\/1"}],"replies":[{"embeddable":true,"href":"https:\/\/samsun.city\/index.php?rest_route=%2Fwp%2Fv2%2Fcomments&post=871"}],"version-history":[{"count":9,"href":"https:\/\/samsun.city\/index.php?rest_route=\/wp\/v2\/posts\/871\/revisions"}],"predecessor-version":[{"id":886,"href":"https:\/\/samsun.city\/index.php?rest_route=\/wp\/v2\/posts\/871\/revisions\/886"}],"wp:featuredmedia":[{"embeddable":true,"href":"https:\/\/samsun.city\/index.php?rest_route=\/wp\/v2\/media\/881"}],"wp:attachment":[{"href":"https:\/\/samsun.city\/index.php?rest_route=%2Fwp%2Fv2%2Fmedia&parent=871"}],"wp:term":[{"taxonomy":"category","embeddable":true,"href":"https:\/\/samsun.city\/index.php?rest_route=%2Fwp%2Fv2%2Fcategories&post=871"},{"taxonomy":"post_tag","embeddable":true,"href":"https:\/\/samsun.city\/index.php?rest_route=%2Fwp%2Fv2%2Ftags&post=871"}],"curies":[{"name":"wp","href":"https:\/\/api.w.org\/{rel}","templated":true}]}}