{"id":1213,"date":"2025-12-10T11:33:48","date_gmt":"2025-12-10T08:33:48","guid":{"rendered":"https:\/\/samsun.city\/?p=1213"},"modified":"2025-12-12T10:49:27","modified_gmt":"2025-12-12T07:49:27","slug":"salipazari-beqe-selalesi-dogru-yazilisi","status":"publish","type":"post","link":"https:\/\/samsun.city\/?p=1213","title":{"rendered":"Sal\u0131pazar\u0131 Beke (Bekir) \u015eelalesi"},"content":{"rendered":"<p style=\"text-align: center;\"><span style=\"color: #ff0000;\"><strong>&#8220;Sal\u0131pazar\u0131 Beqe \u015eelalesi&#8221; Do\u011fru Yaz\u0131l\u0131\u015f\u0131?<\/strong><\/span><\/p>\n<p><span style=\"color: #ff0000;\">Sorunun cevab\u0131n\u0131 almak i\u00e7in Sal\u0131pazar\u0131 YEG&#8217;e ula\u015ft\u0131k. Ald\u0131\u011f\u0131m\u0131z yan\u0131t \u015fu \u015fekildedir, aynen aktar\u0131yoruz:<\/span><\/p>\n<ul>\n<li><span style=\"color: #ff0000;\">Yerel a\u011f\u0131zda &#8220;Beke \u00c7a\u011fla&#8221; \u015feklinde telaffuz edilmektedir.<\/span><\/li>\n<li><span style=\"color: #ff0000;\">Bu \u015felale, \u00e7ok eskiden Beke isminin &#8220;Bekir&#8221;den evrilidigini s\u00f6ylerdi b\u00fcy\u00fcklerimiz.<\/span><\/li>\n<li><span style=\"color: #ff0000;\">B\u00f6lgedeki herkes ise &#8220;Beke \u00c7a\u011fla\u011f\u0131&#8221; diye belirtir.<\/span><\/li>\n<\/ul>\n<p><span style=\"color: #ff0000;\">Yani bu bulguya g\u00f6re Beke (Bekir) \u015eelalesi kullan\u0131m\u0131 uygundur, bu \u015felaleyi isimlendirmek \u00fczere.<\/span><\/p>\n<p><img loading=\"lazy\" decoding=\"async\" class=\"size-full wp-image-478 aligncenter\" src=\"https:\/\/samsun.city\/wp-content\/uploads\/2023\/04\/sayfa-ayirici-sus-cizgisi_samsuncity-001.png\" alt=\"\" width=\"1000\" height=\"47\" srcset=\"https:\/\/samsun.city\/wp-content\/uploads\/2023\/04\/sayfa-ayirici-sus-cizgisi_samsuncity-001.png 1000w, https:\/\/samsun.city\/wp-content\/uploads\/2023\/04\/sayfa-ayirici-sus-cizgisi_samsuncity-001-300x14.png 300w, https:\/\/samsun.city\/wp-content\/uploads\/2023\/04\/sayfa-ayirici-sus-cizgisi_samsuncity-001-768x36.png 768w\" sizes=\"auto, (max-width: 1000px) 100vw, 1000px\" \/><\/p>\n<p><strong>Elimdeki Metin:<\/strong><\/p>\n<p>Beqe Selalesi<\/p>\n<p>Sal\u0131pazar\u0131&#8217;n\u0131n kalbinde yer alan Beqe \u015eelalesi, \u00f6zellikle yaz aylar\u0131nda Karadeniz&#8217;in bunalt\u0131c\u0131 s\u0131ca\u011f\u0131ndan ka\u00e7mak ve do\u011fayla yeniden ba\u011f kurmak isteyenler i\u00e7in vazge\u00e7ilmez bir serin s\u0131\u011f\u0131nakt\u0131r. B\u00fcy\u00fcleyici ye\u015fil alanlar\u0131, yemye\u015fil y\u00fcr\u00fcy\u00fc\u015f parkurlar\u0131 ve geni\u015f piknik alanlar\u0131 ile ailenizle huzurlu bir g\u00fcn ge\u00e7irebilece\u011finiz ideal bir noktad\u0131r. Do\u011fan\u0131n sessizli\u011finin hakim oldu\u011fu bu cennet k\u00f6\u015fesi, ayn\u0131 zamanda do\u011fa foto\u011fraf\u00e7\u0131lar\u0131 i\u00e7in de ilham verici, el de\u011fmemi\u015f kareler sunar. Buras\u0131, yerel halk\u0131n \u00f6zenle korudu\u011fu, g\u00fcn\u00fcbirlik ka\u00e7amaklar i\u00e7in m\u00fckemmel bir destinasyondur.<\/p>\n<p><img loading=\"lazy\" decoding=\"async\" class=\"size-full wp-image-478 aligncenter\" src=\"https:\/\/samsun.city\/wp-content\/uploads\/2023\/04\/sayfa-ayirici-sus-cizgisi_samsuncity-001.png\" alt=\"\" width=\"1000\" height=\"47\" srcset=\"https:\/\/samsun.city\/wp-content\/uploads\/2023\/04\/sayfa-ayirici-sus-cizgisi_samsuncity-001.png 1000w, https:\/\/samsun.city\/wp-content\/uploads\/2023\/04\/sayfa-ayirici-sus-cizgisi_samsuncity-001-300x14.png 300w, https:\/\/samsun.city\/wp-content\/uploads\/2023\/04\/sayfa-ayirici-sus-cizgisi_samsuncity-001-768x36.png 768w\" sizes=\"auto, (max-width: 1000px) 100vw, 1000px\" \/><\/p>\n<p><strong>&#8220;Beqe \u015eelalesi&#8221; \u015feklinde kullanan sayfalar:<\/strong><\/p>\n<ul>\n<li><a href=\"https:\/\/yandex.com.tr\/maps\/org\/beqe_selalesi\/80507732521\" target=\"_blank\" rel=\"noopener\">yandex.com.tr<\/a>\u00a0&#8211; Yandex Haritalar\n<ul>\n<li>Beqe \u015eelalesi, Samsun&#8217;un Sal\u0131pazar\u0131 il\u00e7esinde, Yayla Mahallesi&#8217;nde yer alan do\u011fal bir g\u00fczelliktir. \u015eelale, \u00e7evresindeki ye\u015fil alanlar ve do\u011fal yap\u0131s\u0131yla ziyaret\u00e7ilerine huzurlu bir ortam sunar. Piknik yapmaya elveri\u015fli alanlar\u0131 ve y\u00fcr\u00fcy\u00fc\u015f yollar\u0131 ile do\u011fa tutkunlar\u0131 i\u00e7in cazip bir destinasyondur.<\/li>\n<\/ul>\n<\/li>\n<li><a href=\"https:\/\/www.instagram.com\/p\/CclLB21Mztm\/\" target=\"_blank\" rel=\"noopener\">instagram.com<\/a> &#8211; tugbaningezileri<\/li>\n<li><a href=\"https:\/\/gezginlerikesfet.com\/samsun-salipazari-gezi-rehberi\/\" target=\"_blank\" rel=\"noopener\">gezginlerikesfet.com<\/a> &#8211; Samsun Sal\u0131pazar\u0131 Gezi Rehberi<\/li>\n<\/ul>\n<p><img loading=\"lazy\" decoding=\"async\" class=\"size-full wp-image-478 aligncenter\" src=\"https:\/\/samsun.city\/wp-content\/uploads\/2023\/04\/sayfa-ayirici-sus-cizgisi_samsuncity-001.png\" alt=\"\" width=\"1000\" height=\"47\" srcset=\"https:\/\/samsun.city\/wp-content\/uploads\/2023\/04\/sayfa-ayirici-sus-cizgisi_samsuncity-001.png 1000w, https:\/\/samsun.city\/wp-content\/uploads\/2023\/04\/sayfa-ayirici-sus-cizgisi_samsuncity-001-300x14.png 300w, https:\/\/samsun.city\/wp-content\/uploads\/2023\/04\/sayfa-ayirici-sus-cizgisi_samsuncity-001-768x36.png 768w\" sizes=\"auto, (max-width: 1000px) 100vw, 1000px\" \/><\/p>\n","protected":false},"excerpt":{"rendered":"<p>&#8220;Sal\u0131pazar\u0131 Beqe \u015eelalesi&#8221; Do\u011fru Yaz\u0131l\u0131\u015f\u0131? Sorunun cevab\u0131n\u0131 almak i\u00e7in Sal\u0131pazar\u0131 YEG&#8217;e ula\u015ft\u0131k. Ald\u0131\u011f\u0131m\u0131z yan\u0131t \u015fu \u015fekildedir, aynen aktar\u0131yoruz: Yerel a\u011f\u0131zda<\/p>\n","protected":false},"author":1,"featured_media":0,"comment_status":"closed","ping_status":"closed","sticky":false,"template":"","format":"standard","meta":{"colormag_page_container_layout":"default_layout","colormag_page_sidebar_layout":"default_layout","footnotes":""},"categories":[54],"tags":[287,288,286,285,289],"class_list":["post-1213","post","type-post","status-publish","format-standard","hentry","category-blog","tag-beke-selalesi","tag-bekir-selalesi","tag-beqe-selalesi","tag-beqe-selalesi-salipazari","tag-salipazari"],"_links":{"self":[{"href":"https:\/\/samsun.city\/index.php?rest_route=\/wp\/v2\/posts\/1213","targetHints":{"allow":["GET"]}}],"collection":[{"href":"https:\/\/samsun.city\/index.php?rest_route=\/wp\/v2\/posts"}],"about":[{"href":"https:\/\/samsun.city\/index.php?rest_route=\/wp\/v2\/types\/post"}],"author":[{"embeddable":true,"href":"https:\/\/samsun.city\/index.php?rest_route=\/wp\/v2\/users\/1"}],"replies":[{"embeddable":true,"href":"https:\/\/samsun.city\/index.php?rest_route=%2Fwp%2Fv2%2Fcomments&post=1213"}],"version-history":[{"count":3,"href":"https:\/\/samsun.city\/index.php?rest_route=\/wp\/v2\/posts\/1213\/revisions"}],"predecessor-version":[{"id":1216,"href":"https:\/\/samsun.city\/index.php?rest_route=\/wp\/v2\/posts\/1213\/revisions\/1216"}],"wp:attachment":[{"href":"https:\/\/samsun.city\/index.php?rest_route=%2Fwp%2Fv2%2Fmedia&parent=1213"}],"wp:term":[{"taxonomy":"category","embeddable":true,"href":"https:\/\/samsun.city\/index.php?rest_route=%2Fwp%2Fv2%2Fcategories&post=1213"},{"taxonomy":"post_tag","embeddable":true,"href":"https:\/\/samsun.city\/index.php?rest_route=%2Fwp%2Fv2%2Ftags&post=1213"}],"curies":[{"name":"wp","href":"https:\/\/api.w.org\/{rel}","templated":true}]}}